{"id":89,"date":"2008-09-26T20:32:00","date_gmt":"2008-09-26T18:32:00","guid":{"rendered":"http:\/\/www.quandmaime.org\/index.php\/2008\/09\/26\/une-rencontre-formidable\/"},"modified":"2019-01-01T02:08:05","modified_gmt":"2019-01-01T01:08:05","slug":"une-rencontre-formidable","status":"publish","type":"post","link":"https:\/\/quandmaime.org\/index.php\/2008\/09\/26\/une-rencontre-formidable\/","title":{"rendered":"Une rencontre formidable&#8230;"},"content":{"rendered":"<p><span style=\"font-family:trebuchet ms;color:#330000;\">D\u00e9but ao\u00fbt, j&rsquo;ai \u00e9t\u00e9 contact\u00e9 par un homme charmant : Francis Ramahandridona (fr\u00e8re du Pr Ramahandridona) passionn\u00e9 de musique, organiste titulaire \u00e0 la Cath\u00e9drale d&rsquo;Evry et chef de Choeur de la Schola Cantorum de cette Cath\u00e9drale (<a href=\"http:\/\/catholique-evry.cef.fr\/Schola-Cantorum-de-la-Cathedrale\">http:\/\/catholique-evry.cef.fr\/Schola-Cantorum-de-la-Cathedrale<\/a>) et sa femme, Yvette, soprano lyrique.<\/span><\/p>\n<p><span style=\"font-family:Trebuchet MS;color:#330000;\">Francis \u00e9tait tomb\u00e9 \u00ab\u00a0par hasard\u00a0\u00bb (il me rapportera plus tard que pour lui il n&rsquo;y avait pas de hasard) sur le site de notre association, et avec sa femme, ils ont eu un coup de coeur pour notre association. Comme ils partaient \u00e0 Madagascar, ils se proposaient d&rsquo;organiser un concert \u00e0 Tan\u00e0 au profit de notre association.<\/span><\/p>\n<p><span style=\"font-family:Trebuchet MS;color:#330000;\">Aussit\u00f4t dit aussit\u00f4t r\u00e9alis\u00e9, Francis et Yvette se sont produits le 31 ao\u00fbt en concert gratuit  suivi d&rsquo;une qu\u00eate au profit de nos petits bouts de choux ! Ils ont ainsi r\u00e9colt\u00e9 454.010 Ariary qu&rsquo;ils ont directement d\u00e9pos\u00e9 sur le compte de l&rsquo;association \u00e0 Madagascar.<\/span><\/p>\n<p><span style=\"font-family:Trebuchet MS;color:#330000;\">Je souhaite les remercier chaleureusement et publiquement sur ce blog : pour leur g\u00e9n\u00e9rosit\u00e9, leur spontan\u00e9it\u00e9, d&rsquo;avoir mis ainsi leurs dons au service de l&rsquo;association, leur gentillesse dans toutes nos correspondances, et de nous avoir fait confiance. <\/span><br \/><span style=\"font-family:Trebuchet MS;color:#330000;\"><strong>Francis et Yvette MISAOTRA BETSAKA !<\/strong><\/span><\/p>\n<p><span style=\"font-family:Trebuchet MS;color:#330000;\">Voici ci-dessous un scan de l&rsquo;article qui est paru dans la presse malgache Midi Madagasikara.<br \/><\/span><span style=\"font-family:Trebuchet MS;color:#330000;\"><\/p>\n<p align=\"center\"><a href=\"http:\/\/4.bp.blogspot.com\/_u3_gs15LoUA\/SN089KqIkPI\/AAAAAAAAAPQ\/ZEnuAa6BlwI\/s1600-h\/Midi_QuandMaime.JPG\"><img id=\"BLOGGER_PHOTO_ID_5250419762114629874\" style=\"CURSOR: hand\" alt=\"\" src=\"http:\/\/4.bp.blogspot.com\/_u3_gs15LoUA\/SN089KqIkPI\/AAAAAAAAAPQ\/ZEnuAa6BlwI\/s400\/Midi_QuandMaime.JPG\" border=\"0\" \/><\/a><\/p>\n<p align=\"center\"><span style=\"font-family:times new roman;color:#000000;\"><strong>Deux grands artistes classiques en concert ce dimanche 31 ao\u00fbt<\/strong><\/span><\/p>\n<p align=\"center\"><span style=\"font-family:times new roman;color:#000000;\">Il s&rsquo;appelle Francis Ramahandridona et il est l&rsquo;organiste titulaire, ma\u00eetre de chapelle de la cath\u00e9drale d&rsquo;Evry en France. Elle se pr\u00e9nome Yvette S\u00e9pi\u00e8re et elle est une grande chanteuse Soprano, premi\u00e8re m\u00e9daille au concours de chant I.U.F.M. Ils sont \u00e0 Madagascar pour des vacances bien m\u00e9rit\u00e9es, mais ils ont d\u00e9cid\u00e9 d&rsquo;offrir aux m\u00e9lomanes un tr\u00e8s beau r\u00e9cital, ce dimanche 31 ao\u00fbt \u00e0 la paroisse internationale d&rsquo;Andohalo. Ils vont interpr\u00e9ter les grandes oeuvres du r\u00e9pertoire classique pour notre plus grand plaisir. Il y aura notamment la pi\u00e8ce en sol majeur de Bach, sa fugue en sol majeur, l&rsquo;offertoire de Haendel, \u00ab\u00a0and he shall feed\u00a0\u00bb, \u00ab\u00a0I know that my redeener lives\u00a0\u00bb, et \u00ab\u00a0All\u00e9luia\u00a0\u00bb du m\u00eame compositeur. On pourra appr\u00e9cier aussi \u00ab\u00a0Pie Jesus\u00a0\u00bb de Faure ou \u00ab\u00a0El Maria Wiegenlied\u00a0\u00bb de Reger. L&rsquo;entr\u00e9e \u00e0 ce concert est bien \u00e9videmment gratuite, mais une qu\u00eate sera organis\u00e9e au profit de l&rsquo;association \u00ab\u00a0Quand m&rsquo;aime\u00a0\u00bb une ONG d&rsquo;Antsirabe oeuvrant pour les enfants errants.<\/span><\/p>\n<p align=\"right\"><span style=\"font-family:Times New Roman;color:#000000;\">Patrice Rabe<\/span><\/p>\n<p align=\"left\"><span style=\"font-family:Times New Roman;color:#000000;\"><\/span> <\/p>\n<p><\/span><\/p>\n","protected":false},"excerpt":{"rendered":"<p>D\u00e9but ao\u00fbt, j&rsquo;ai \u00e9t\u00e9 contact\u00e9 par un homme charmant : Francis Ramahandridona (fr\u00e8re du Pr Ramahandridona) passionn\u00e9 de musique, organiste titulaire \u00e0 la Cath\u00e9drale d&rsquo;Evry et chef de Choeur de la Schola Cantorum de cette Cath\u00e9drale (http:\/\/catholique-evry.cef.fr\/Schola-Cantorum-de-la-Cathedrale) et sa femme, Yvette, soprano lyrique. Francis \u00e9tait tomb\u00e9 \u00ab\u00a0par hasard\u00a0\u00bb (il me rapportera plus tard que pour <\/p>\n","protected":false},"author":1,"featured_media":0,"comment_status":"open","ping_status":"open","sticky":false,"template":"","format":"standard","meta":{"amp_status":""},"categories":[80],"tags":[],"_links":{"self":[{"href":"https:\/\/quandmaime.org\/index.php\/wp-json\/wp\/v2\/posts\/89"}],"collection":[{"href":"https:\/\/quandmaime.org\/index.php\/wp-json\/wp\/v2\/posts"}],"about":[{"href":"https:\/\/quandmaime.org\/index.php\/wp-json\/wp\/v2\/types\/post"}],"author":[{"embeddable":true,"href":"https:\/\/quandmaime.org\/index.php\/wp-json\/wp\/v2\/users\/1"}],"replies":[{"embeddable":true,"href":"https:\/\/quandmaime.org\/index.php\/wp-json\/wp\/v2\/comments?post=89"}],"version-history":[{"count":1,"href":"https:\/\/quandmaime.org\/index.php\/wp-json\/wp\/v2\/posts\/89\/revisions"}],"predecessor-version":[{"id":545,"href":"https:\/\/quandmaime.org\/index.php\/wp-json\/wp\/v2\/posts\/89\/revisions\/545"}],"wp:attachment":[{"href":"https:\/\/quandmaime.org\/index.php\/wp-json\/wp\/v2\/media?parent=89"}],"wp:term":[{"taxonomy":"category","embeddable":true,"href":"https:\/\/quandmaime.org\/index.php\/wp-json\/wp\/v2\/categories?post=89"},{"taxonomy":"post_tag","embeddable":true,"href":"https:\/\/quandmaime.org\/index.php\/wp-json\/wp\/v2\/tags?post=89"}],"curies":[{"name":"wp","href":"https:\/\/api.w.org\/{rel}","templated":true}]}}