{"id":80,"date":"2008-12-05T15:16:00","date_gmt":"2008-12-05T14:16:00","guid":{"rendered":"http:\/\/www.quandmaime.org\/index.php\/2008\/12\/05\/carnaval\/"},"modified":"2019-01-01T02:07:37","modified_gmt":"2019-01-01T01:07:37","slug":"carnaval","status":"publish","type":"post","link":"https:\/\/quandmaime.org\/index.php\/2008\/12\/05\/carnaval\/","title":{"rendered":"Carnaval"},"content":{"rendered":"<p><span style=\"font-family:trebuchet ms;font-size:85%;\"><em>(Antsirabe, Averses 18 \u00e0 22\u00b0C, Lever du soleil : 05h05, Coucher du soleil : 18h21)<\/em><\/span><br \/><span style=\"font-family:trebuchet ms;\"><\/span><br \/><span style=\"font-family:trebuchet ms;color:#330000;\">C&rsquo;est hier matin que les enfants de toutes les ONG et associations pr\u00e9sentes \u00e0 Antsirabe ont d\u00e9fil\u00e9. Malheureusement chez nous, certains des enfants avaient cours et n&rsquo;ont pas pu participer. Grande d\u00e9ception, mais cette ann\u00e9e le d\u00e9fil\u00e9 n&rsquo;\u00e9tait pas programm\u00e9 un jour de cong\u00e9.<\/span><br \/><span style=\"font-family:Trebuchet MS;color:#330000;\">On aper\u00e7oit ci-dessous Grande Domoina et Samirah qui porte notre banni\u00e8re et dans le fond Tina avec une casquette Rouge.<\/span><br \/><span style=\"color:#330000;\"><\/span><br \/><a href=\"http:\/\/1.bp.blogspot.com\/_u3_gs15LoUA\/STk3_PVx8AI\/AAAAAAAAASs\/Qm4StF2_Ybo\/s1600-h\/102_2138.JPG\"><img id=\"BLOGGER_PHOTO_ID_5276309998030417922\" style=\"WIDTH: 400px; CURSOR: hand; HEIGHT: 300px\" alt=\"\" src=\"http:\/\/1.bp.blogspot.com\/_u3_gs15LoUA\/STk3_PVx8AI\/AAAAAAAAASs\/Qm4StF2_Ybo\/s400\/102_2138.JPG\" border=\"0\" \/><\/a><\/p>\n<p><a href=\"http:\/\/1.bp.blogspot.com\/_u3_gs15LoUA\/STk3-7ump0I\/AAAAAAAAASk\/dyqwIqEXYEc\/s1600-h\/102_2133.JPG\"><img id=\"BLOGGER_PHOTO_ID_5276309992765826882\" style=\"WIDTH: 400px; CURSOR: hand; HEIGHT: 300px\" alt=\"\" src=\"http:\/\/1.bp.blogspot.com\/_u3_gs15LoUA\/STk3-7ump0I\/AAAAAAAAASk\/dyqwIqEXYEc\/s400\/102_2133.JPG\" border=\"0\" \/><\/a><\/p>\n<div><a href=\"http:\/\/2.bp.blogspot.com\/_u3_gs15LoUA\/STk3-jj0SCI\/AAAAAAAAASc\/noHYlhcbR5M\/s1600-h\/102_2132.JPG\"><img id=\"BLOGGER_PHOTO_ID_5276309986278131746\" style=\"WIDTH: 400px; CURSOR: hand; HEIGHT: 300px\" alt=\"\" src=\"http:\/\/2.bp.blogspot.com\/_u3_gs15LoUA\/STk3-jj0SCI\/AAAAAAAAASc\/noHYlhcbR5M\/s400\/102_2132.JPG\" border=\"0\" \/><\/a><\/p>\n<p><span style=\"color:#330000;\">Pascal va bien, il continue d&rsquo;aller \u00e0 l&rsquo;\u00e9cole en pousse-pousse en attendant une compl\u00e8te gu\u00e9rison (2400<span style=\"font-size:78%;\">Ary<\/span> soit environ 1\u20ac par jour pour les 2 allers-retours Fahitana jusque son \u00e9cole). <\/span><\/div>\n<div><span style=\"color:#330000;\"> <\/div>\n<p><\/span><\/p>\n<div><\/div>\n<div><span style=\"color:#330000;\">Tina a r\u00e9uni toutes les familles (des enfants qui en ont encore) afin de pr\u00e9parer le renouvellement des prises en charge par notre association de leurs enfants aupr\u00e8s du tribunal d&rsquo;Antsirabe. Le juge des enfants nous a convoqu\u00e9 le 15 d\u00e9cembre pour ce renouvellement.<\/span><\/div>\n<div><span style=\"color:#330000;\"><\/span> <\/div>\n<div><span style=\"color:#330000;\"><\/span><\/div>\n<div><span style=\"color:#330000;\">Le 18 d\u00e9cembre, c&rsquo;est la SMIA (sorte de s\u00e9curit\u00e9 sociale de nos employ\u00e9s) qui nous a convoqu\u00e9 pour son assembl\u00e9e g\u00e9n\u00e9rale.<\/span><\/div>\n<div><span style=\"color:#330000;\"><\/span> <\/div>\n<div><span style=\"color:#330000;\"><\/span> <\/div>\n<div> <\/div>\n<div><span style=\"color:#330000;\"><\/span><\/div>\n<div><\/div>\n<div><span style=\"color:#330000;\"><\/span><\/div>\n","protected":false},"excerpt":{"rendered":"<p>(Antsirabe, Averses 18 \u00e0 22\u00b0C, Lever du soleil : 05h05, Coucher du soleil : 18h21)C&rsquo;est hier matin que les enfants de toutes les ONG et associations pr\u00e9sentes \u00e0 Antsirabe ont d\u00e9fil\u00e9. Malheureusement chez nous, certains des enfants avaient cours et n&rsquo;ont pas pu participer. Grande d\u00e9ception, mais cette ann\u00e9e le d\u00e9fil\u00e9 n&rsquo;\u00e9tait pas programm\u00e9 un <\/p>\n","protected":false},"author":1,"featured_media":0,"comment_status":"open","ping_status":"open","sticky":false,"template":"","format":"standard","meta":{"amp_status":""},"categories":[80],"tags":[],"_links":{"self":[{"href":"https:\/\/quandmaime.org\/index.php\/wp-json\/wp\/v2\/posts\/80"}],"collection":[{"href":"https:\/\/quandmaime.org\/index.php\/wp-json\/wp\/v2\/posts"}],"about":[{"href":"https:\/\/quandmaime.org\/index.php\/wp-json\/wp\/v2\/types\/post"}],"author":[{"embeddable":true,"href":"https:\/\/quandmaime.org\/index.php\/wp-json\/wp\/v2\/users\/1"}],"replies":[{"embeddable":true,"href":"https:\/\/quandmaime.org\/index.php\/wp-json\/wp\/v2\/comments?post=80"}],"version-history":[{"count":1,"href":"https:\/\/quandmaime.org\/index.php\/wp-json\/wp\/v2\/posts\/80\/revisions"}],"predecessor-version":[{"id":536,"href":"https:\/\/quandmaime.org\/index.php\/wp-json\/wp\/v2\/posts\/80\/revisions\/536"}],"wp:attachment":[{"href":"https:\/\/quandmaime.org\/index.php\/wp-json\/wp\/v2\/media?parent=80"}],"wp:term":[{"taxonomy":"category","embeddable":true,"href":"https:\/\/quandmaime.org\/index.php\/wp-json\/wp\/v2\/categories?post=80"},{"taxonomy":"post_tag","embeddable":true,"href":"https:\/\/quandmaime.org\/index.php\/wp-json\/wp\/v2\/tags?post=80"}],"curies":[{"name":"wp","href":"https:\/\/api.w.org\/{rel}","templated":true}]}}