{"id":74,"date":"2009-01-26T19:26:00","date_gmt":"2009-01-26T18:26:00","guid":{"rendered":"http:\/\/www.quandmaime.org\/index.php\/2009\/01\/26\/greve-generale-a-madagascar\/"},"modified":"2019-01-01T02:07:36","modified_gmt":"2019-01-01T01:07:36","slug":"greve-generale-a-madagascar","status":"publish","type":"post","link":"https:\/\/quandmaime.org\/index.php\/2009\/01\/26\/greve-generale-a-madagascar\/","title":{"rendered":"Gr\u00e8ve g\u00e9n\u00e9rale \u00e0 Madagascar"},"content":{"rendered":"<p><span style=\"font-family:trebuchet ms;color:#330000;\">Vous avez peut-\u00eatre entendu aux informations que plusieurs milliers de partisans du maire <span>d&rsquo;Antananarivo<\/span> \u00e9taient rassembl\u00e9s ce matin dans le centre de la capitale malgache apr\u00e8s l&rsquo;appel lanc\u00e9 par le maire \u00e0 une \u00ab\u00a0gr\u00e8ve g\u00e9n\u00e9rale\u00a0\u00bb contre le r\u00e9gime du pr\u00e9sident Marc <span>Ravalomanana<\/span>.<\/span><br \/><span style=\"font-family:trebuchet ms;color:#330000;\">M. <span>Rajoelina<\/span>, maire <span>d&rsquo;Antananarivo<\/span>, entretient des rapports tendus avec le r\u00e9gime de M. <span>Ravalomanana<\/span> depuis son \u00e9lection \u00e0 la mairie en d\u00e9cembre 2007, mais le bras de fer s&rsquo;est fortement durci depuis la fermeture par le gouvernement le 13 d\u00e9cembre 2008 de sa t\u00e9l\u00e9vision priv\u00e9e <span>Viva<\/span>.<\/span><br \/><span style=\"font-family:trebuchet ms;color:#330000;\">Dans son discours, il avait appel\u00e9 \u00ab\u00a0les fonctionnaires, les \u00e9tudiants et tout le peuple <span>tananarivien<\/span> \u00e0 la gr\u00e8ve g\u00e9n\u00e9rale pour lundi\u00a0\u00bb, depuis la place du 13 Mai \u00e0 <span>Antananarivo<\/span>, lieu symbolique de la contestation malgache.<\/span><br \/><span style=\"font-family:trebuchet ms;color:#330000;\">Les partisans de M. <span>Ravalomanana<\/span> se r\u00e9unissaient en 2002 sur cette place lors de la crise politique profonde et meurtri\u00e8re qui avait vu l&rsquo;accession au pouvoir de M. <span>Ravalomanana<\/span>, r\u00e9\u00e9lu en d\u00e9cembre 2006. (<span>AFP<\/span>)<\/span><br \/><span style=\"font-family:trebuchet ms;color:#330000;\">Aujourd&rsquo;hui, l&rsquo;appel a \u00e9t\u00e9 suivi jusqu&rsquo;\u00e0 <span>Antsirabe<\/span> avec des \u00e9coles ferm\u00e9es, ainsi que des \u00e9tablissements publics, et comme \u00e0 chaque \u00e9v\u00e8nement de ce type, les prix flambent avec entre autres les <span>barrages<\/span> routiers&#8230;<\/span><br \/><span style=\"font-family:trebuchet ms;color:#330000;\">Esp\u00e9rons que cela ne tourne pas au drame&#8230; comme c&rsquo;est parfois arriv\u00e9 \u00e0 Madagascar<\/span><\/p>\n","protected":false},"excerpt":{"rendered":"<p>Vous avez peut-\u00eatre entendu aux informations que plusieurs milliers de partisans du maire d&rsquo;Antananarivo \u00e9taient rassembl\u00e9s ce matin dans le centre de la capitale malgache apr\u00e8s l&rsquo;appel lanc\u00e9 par le maire \u00e0 une \u00ab\u00a0gr\u00e8ve g\u00e9n\u00e9rale\u00a0\u00bb contre le r\u00e9gime du pr\u00e9sident Marc Ravalomanana.M. Rajoelina, maire d&rsquo;Antananarivo, entretient des rapports tendus avec le r\u00e9gime de M. Ravalomanana <\/p>\n","protected":false},"author":1,"featured_media":0,"comment_status":"open","ping_status":"open","sticky":false,"template":"","format":"standard","meta":{"amp_status":""},"categories":[80],"tags":[],"_links":{"self":[{"href":"https:\/\/quandmaime.org\/index.php\/wp-json\/wp\/v2\/posts\/74"}],"collection":[{"href":"https:\/\/quandmaime.org\/index.php\/wp-json\/wp\/v2\/posts"}],"about":[{"href":"https:\/\/quandmaime.org\/index.php\/wp-json\/wp\/v2\/types\/post"}],"author":[{"embeddable":true,"href":"https:\/\/quandmaime.org\/index.php\/wp-json\/wp\/v2\/users\/1"}],"replies":[{"embeddable":true,"href":"https:\/\/quandmaime.org\/index.php\/wp-json\/wp\/v2\/comments?post=74"}],"version-history":[{"count":1,"href":"https:\/\/quandmaime.org\/index.php\/wp-json\/wp\/v2\/posts\/74\/revisions"}],"predecessor-version":[{"id":530,"href":"https:\/\/quandmaime.org\/index.php\/wp-json\/wp\/v2\/posts\/74\/revisions\/530"}],"wp:attachment":[{"href":"https:\/\/quandmaime.org\/index.php\/wp-json\/wp\/v2\/media?parent=74"}],"wp:term":[{"taxonomy":"category","embeddable":true,"href":"https:\/\/quandmaime.org\/index.php\/wp-json\/wp\/v2\/categories?post=74"},{"taxonomy":"post_tag","embeddable":true,"href":"https:\/\/quandmaime.org\/index.php\/wp-json\/wp\/v2\/tags?post=74"}],"curies":[{"name":"wp","href":"https:\/\/api.w.org\/{rel}","templated":true}]}}