{"id":17,"date":"2013-04-06T18:48:00","date_gmt":"2013-04-06T16:48:00","guid":{"rendered":"http:\/\/www.quandmaime.org\/index.php\/2013\/04\/06\/fetes-de-paques-a-antsirabe\/"},"modified":"2019-01-01T23:45:13","modified_gmt":"2019-01-01T22:45:13","slug":"fetes-de-paques-a-antsirabe","status":"publish","type":"post","link":"https:\/\/quandmaime.org\/index.php\/2013\/04\/06\/fetes-de-paques-a-antsirabe\/","title":{"rendered":"F\u00eates de P\u00e2ques \u00e0 Antsirabe"},"content":{"rendered":"<p><b>F\u00eates de P\u00e2ques \u00e0 Antsirabe<\/b><\/p>\n<table align=\"center\" cellpadding=\"0\" cellspacing=\"0\" style=\"margin-left: auto; margin-right: auto; text-align: center;\">\n<tbody>\n<tr>\n<td style=\"text-align: center;\"><a href=\"http:\/\/www.quandmaime.org\/wp-content\/uploads\/2013\/04\/photo.jpg\" style=\"margin-left: auto; margin-right: auto;\"><img loading=\"lazy\" border=\"0\" src=\"http:\/\/www.quandmaime.org\/wp-content\/uploads\/2013\/04\/photo.jpg\" height=\"300\" width=\"400\" \/><\/a><\/td>\n<\/tr>\n<tr>\n<td style=\"text-align: center;\">Joie et bonne humeur<\/td>\n<\/tr>\n<\/tbody>\n<\/table>\n<p><span style=\"font-family: inherit;\">Comme chaque ann\u00e9e, cet&nbsp;\u00e9v\u00e9nement&nbsp;attire une foule venant des quatre coins de Madagascar. Outre les concerts, structures gonflables, stands de jeux, brochettes party, karaok\u00e9s, sorties et balades en pousse-pousse ont \u00e9t\u00e9 au c\u0153ur de ces trois jours de distraction. P\u00e2ques a \u00e9galement \u00e9t\u00e9 une occasion de se d\u00e9tendre et profiter des aires de pique-nique habituelles comme Andraikiba, Tritriva et les p\u00e9riph\u00e9ries de la ville si s\u00e9duisantes. Par ailleurs, les centaines de stands qui ont orn\u00e9 les rues ont \u00e9galement ajout\u00e9 des couleurs \u00e0 la c\u00e9l\u00e9bration qui a d\u00e9but\u00e9 devant la gare, o\u00f9 a eu lieu pour une grande premi\u00e8re le grand carnaval THB Tour. Le flash mob qui s\u2019est tenu devant l\u2019avenue de l\u2019Ind\u00e9pendance a amus\u00e9 la grande foule pr\u00e9sente sur les lieux. En tout, 250 jeunes dont 30 des n\u00f4tres, ont pris part \u00e0 la chor\u00e9graphie pour offrir un spectacle digne d\u2019un accueil chaleureux aux visiteurs venus en nombre d\u00e8s la matin\u00e9e de samedi. Mais cette ann\u00e9e l&rsquo;endroit qui a le plus s\u00e9duit nos enfants f\u00fbt le pique nique \u00e0 Vinanikarena sur la route vers le sud a 10 km au village de jeunesse. Cet endroit est superbe, il y a des fruits de goyave partout au bord de la route. <span style=\"font-family: inherit;\"><span style=\"font-size: 12pt;\"><br \/><\/span><\/p>\n<table align=\"center\" cellpadding=\"0\" cellspacing=\"0\" style=\"margin-left: auto; margin-right: auto; text-align: center;\">\n<tbody>\n<tr>\n<td style=\"text-align: center;\"><a href=\"http:\/\/www.quandmaime.org\/wp-content\/uploads\/2013\/04\/photo-1--300x225.jpg\" style=\"margin-left: auto; margin-right: auto;\"><span style=\"font-family: inherit;\"><img loading=\"lazy\" border=\"0\" src=\"http:\/\/www.quandmaime.org\/wp-content\/uploads\/2013\/04\/photo-1--300x225.jpg\" height=\"300\" width=\"400\" \/><\/span><\/a><\/td>\n<\/tr>\n<tr>\n<td style=\"text-align: center;\"><span style=\"font-family: inherit;\">Sc\u00e8ne de joie avant le pique-nique<\/span><\/td>\n<\/tr>\n<\/tbody>\n<\/table>\n<p><span style=\"font-family: inherit;\"><br \/><\/span><span style=\"font-family: inherit; font-size: 12pt;\"><b>News des semaines avant les f\u00eates de P\u00e2ques<\/b><\/span><br \/><span style=\"font-family: inherit;\"><span style=\"font-size: 12pt;\"><br \/><\/span><span style=\"font-family: inherit; font-size: 12.0pt; mso-ansi-language: FR; mso-bidi-language: AR-SA; mso-fareast-font-family: Calibri; mso-fareast-language: FR; mso-fareast-theme-font: minor-latin;\">M. Tina a \u00e9t\u00e9 bien malade de son foie ces derni\u00e8res semaines, les crises de palu \u00e0 r\u00e9p\u00e9tition, le riz tr\u00e8s gras (cuit \u00e0 l&rsquo;huile) et les piments ne sont pas pour arranger les choses. Il a donc de gros efforts \u00e0 faire pour mieux se nourrir, et il doit suivre un traitement qui fait peur (voir photo, lol !)<\/span><\/span><br \/><span style=\"font-family: inherit;\"><span style=\"font-family: &quot;Times New Roman&quot;,&quot;serif&quot;; font-size: 12.0pt; mso-ansi-language: FR; mso-bidi-language: AR-SA; mso-fareast-font-family: Calibri; mso-fareast-language: FR; mso-fareast-theme-font: minor-latin;\"><br \/><\/span><\/span><\/p>\n<table align=\"center\" cellpadding=\"0\" cellspacing=\"0\" style=\"margin-left: auto; margin-right: auto; text-align: center;\">\n<tbody>\n<tr>\n<td style=\"text-align: center;\"><a href=\"http:\/\/www.quandmaime.org\/wp-content\/uploads\/2013\/04\/DSCF2144-300x225.jpg\" style=\"margin-left: auto; margin-right: auto;\"><span style=\"font-family: inherit;\"><img loading=\"lazy\" border=\"0\" src=\"http:\/\/www.quandmaime.org\/wp-content\/uploads\/2013\/04\/DSCF2144-300x225.jpg\" height=\"240\" width=\"320\" \/><\/span><\/a><\/td>\n<\/tr>\n<tr>\n<td style=\"text-align: center;\"><span style=\"font-family: inherit;\">Traitement pour soigner le foie de M.Tina<\/span><\/td>\n<\/tr>\n<\/tbody>\n<\/table>\n<p><span style=\"font-family: inherit;\">Tsilavina le fils de M.Bien-Aim\u00e9 a \u00e9t\u00e9 hospitalis\u00e9 pour se faire op\u00e9rer des intestins, il va bien maintenant et a repris ses \u00e9tudes. M. Bien-Aim\u00e9 a \u00e9t\u00e9 fort malade aussi, il a du \u00eatre hospitalis\u00e9 plusieurs semaines \u00e0 cause d&rsquo;un grave probl\u00e8me au&nbsp;c\u0153ur. Il a fini par sortir de&nbsp;l\u2019h\u00f4pital&nbsp;il y a quelques semaines mais les m\u00e9decins lui ont conseill\u00e9 d&rsquo;\u00eatre prudent.<br \/><span style=\"font-family: inherit; font-size: 12.0pt; mso-ansi-language: FR; mso-bidi-language: AR-SA; mso-fareast-font-family: Calibri; mso-fareast-language: FR; mso-fareast-theme-font: minor-latin;\">De plus, lui et sa famille ont du trouv\u00e9 une autre maison, car leur ancien propri\u00e9taire a doubl\u00e9 brusquement le loyer de sa location. Cela nous arrivait fr\u00e9quemment \u00e0 une \u00e9poque, et la crise et la corruption redoublant ces derniers mois \u00e0 Madagascar, esp\u00e9rons que ce ne soit pas de nouveau dans les habitudes des propri\u00e9taires.<\/span><\/span><br \/><span style=\"font-family: inherit;\"><span style=\"font-family: &quot;Times New Roman&quot;,&quot;serif&quot;; font-size: 12.0pt; mso-ansi-language: FR; mso-bidi-language: AR-SA; mso-fareast-font-family: Calibri; mso-fareast-language: FR; mso-fareast-theme-font: minor-latin;\"><br \/><\/span><\/span><\/p>\n<table align=\"center\" cellpadding=\"0\" cellspacing=\"0\" style=\"margin-left: auto; margin-right: auto; text-align: center;\">\n<tbody>\n<tr>\n<td style=\"text-align: center;\"><a href=\"http:\/\/www.quandmaime.org\/wp-content\/uploads\/2013\/04\/Photo-072-225x300.jpg\" style=\"margin-left: auto; margin-right: auto;\"><span style=\"font-family: inherit;\"><img loading=\"lazy\" border=\"0\" src=\"http:\/\/www.quandmaime.org\/wp-content\/uploads\/2013\/04\/Photo-072-225x300.jpg\" height=\"400\" width=\"300\" \/><\/span><\/a><\/td>\n<\/tr>\n<tr>\n<td style=\"text-align: center;\"><span style=\"font-family: inherit;\">M; Bien-Aim\u00e9 hospitalis\u00e9 et sa femme garde malade<\/span><\/td>\n<\/tr>\n<\/tbody>\n<\/table>\n<p><span style=\"font-family: inherit;\"><span style=\"font-family: &quot;Times New Roman&quot;,&quot;serif&quot;; font-size: 12.0pt; mso-ansi-language: FR; mso-bidi-language: AR-SA; mso-fareast-font-family: Calibri; mso-fareast-language: FR; mso-fareast-theme-font: minor-latin;\"><br \/><\/span><span style=\"font-family: inherit; font-size: 12.0pt; mso-ansi-language: FR; mso-bidi-language: AR-SA; mso-fareast-font-family: Calibri; mso-fareast-language: FR; mso-fareast-theme-font: minor-latin;\">Nous subissons de nouveau une forte hausse du prix du kg de riz, malheureusement les ressources des malgaches n&rsquo;augmentent pas alors que le prix des denr\u00e9es ne cessent d&rsquo;augmenter. Cette hausse des prix provoque de nouveau une tension sociale et des bandes de pilleurs s&rsquo;organisent pour attaquer et cambrioler. Notre foyer Fahitana a \u00e9t\u00e9 cambriol\u00e9 une nuit : les&nbsp;brigands&nbsp;cagoul\u00e9s et arm\u00e9s de sabres ont pris 200kg de riz et la batterie de notre voiture avant de se sauver devant nos chiens et Tina (arm\u00e9 d&rsquo;un simple sifflet pour r\u00e9veiller les voisins et attirer l&rsquo;attention). Trois autres maisons du quartier ont subi le m\u00eame sort cette nuit l\u00e0. M.Tina et les voisins se sont donc de nouveau organis\u00e9s pour faire des tourn\u00e9es de garde chaque nuit dans le quartier. Nous avons du racheter une nouvelle batterie pour la voiture.<\/span><\/span><\/span><\/span><br \/><span style=\"font-family: inherit;\"><span style=\"font-family: &quot;Times New Roman&quot;,&quot;serif&quot;; font-size: 12.0pt; mso-ansi-language: FR; mso-bidi-language: AR-SA; mso-fareast-font-family: Calibri; mso-fareast-language: FR; mso-fareast-theme-font: minor-latin;\"><br \/><\/span><span style=\"font-family: &quot;Times New Roman&quot;,&quot;serif&quot;; font-size: 12.0pt; mso-ansi-language: FR; mso-bidi-language: AR-SA; mso-fareast-font-family: Calibri; mso-fareast-language: FR; mso-fareast-theme-font: minor-latin;\">Le service du minist\u00e8re de la population de Tana est venu par surprise pour faire une enqu\u00eate \u00e0 propos de nos foyers d&rsquo;accueil. Ils ont visit\u00e9 les dortoirs, apr\u00e8s la visite ils ont questionn\u00e9 M.Tina et les enfants pendant quelques heures. Ils ont donn\u00e9 un CD contenant des Fiche de renseignement sur les centres d&rsquo;accueil d&rsquo;enfants \u00e0 remplir et \u00e0 apporter au minist\u00e8re \u00e0 Tananarive la semaine derni\u00e8re.<\/span><\/span><br \/><span style=\"font-family: inherit;\"><br \/><\/span><\/p>\n<table align=\"center\" cellpadding=\"0\" cellspacing=\"0\" style=\"font-family: inherit; margin-left: auto; margin-right: auto; text-align: center;\">\n<tbody>\n<tr>\n<td style=\"text-align: center;\"><a href=\"http:\/\/www.quandmaime.org\/wp-content\/uploads\/2013\/04\/photo-2--300x225.jpg\" style=\"margin-left: auto; margin-right: auto;\"><span style=\"font-family: inherit;\"><img loading=\"lazy\" border=\"0\" src=\"http:\/\/www.quandmaime.org\/wp-content\/uploads\/2013\/04\/photo-2--300x225.jpg\" height=\"240\" width=\"320\" \/><\/span><\/a><\/td>\n<\/tr>\n<tr>\n<td style=\"text-align: center;\"><span style=\"font-family: inherit;\">Un nouveau dossier pour le minist\u00e8re de la population<\/span><\/td>\n<\/tr>\n<\/tbody>\n<\/table>\n<p><span style=\"font-family: inherit;\">M. Tina a \u00e9t\u00e9 aussi invit\u00e9 \u00e0 participer \u00e0 une r\u00e9union de travail sur la lutte contre le travail des enfants \u00e0 Madagascar<span style=\"font-size: 10pt;\">.<\/span><\/span><\/p>\n<p><\/p>\n<div style=\"clear: both; text-align: center;\"><span style=\"font-family: inherit;\"><span style=\"font-family: inherit;\"><a href=\"http:\/\/www.quandmaime.org\/wp-content\/uploads\/2013\/04\/CRLTE-225x300.jpg\" style=\"margin-left: 1em; margin-right: 1em;\"><span style=\"font-family: inherit;\"><img loading=\"lazy\" border=\"0\" src=\"http:\/\/www.quandmaime.org\/wp-content\/uploads\/2013\/04\/CRLTE-225x300.jpg\" height=\"320\" width=\"240\" \/><\/span><\/a><\/span><\/span><\/div>\n<p><span style=\"font-family: inherit; font-size: 10pt;\"><br \/><\/span><span style=\"font-family: inherit;\">Grand Patrick est sorti de prison en janvier et nous lui avons fourni de quoi s&rsquo;installer comme nous le faisons pour chaque jeune qui quitte le foyer. Il va bien et travaille aux champs.<\/p>\n<p>Nous avons eu d\u00e9but f\u00e9vrier notre r\u00e9union de bureau de l&rsquo;association \u00e0 Soissons. Suite \u00e0 cette r\u00e9union Edith a d\u00e9cid\u00e9 d&rsquo;\u00e9crire une petite note chaque mois dans le bulletin de l&rsquo;\u00e9glise baptiste de Soissons, pour ceux qui n&rsquo;ont pas acc\u00e8s \u00e0 ce document, voici sa petite chronique :<\/span><\/p>\n<div style=\"background-color: white; background-position: initial initial; background-repeat: initial initial; margin-bottom: 0.0001pt; text-indent: 35.4pt;\"><span style=\"color: #38761d; font-family: Trebuchet MS, sans-serif;\">Au cours de l&rsquo;Assembl\u00e9e g\u00e9n\u00e9rale de l&rsquo;association \u00ab\u00a0Quand m&rsquo;aime ?\u00a0\u00bb, il a \u00e9t\u00e9 d\u00e9cid\u00e9 de donner chaque mois quelques nouvelles du Petit Peuple d&rsquo;Antsirabe et de se environs, par le biais du bulletin mensuel de l&rsquo;\u00e9glise.<o:p><\/o:p><\/span><\/div>\n<div style=\"background-color: white; background-position: initial initial; background-repeat: initial initial; margin-bottom: 0.0001pt;\"><span style=\"color: #38761d; font-family: Trebuchet MS, sans-serif;\">&nbsp;&nbsp;&nbsp;&nbsp;&nbsp; Amandine nous a fait part des changements qui bouleversent la vie de l\u00e0-bas sur bien des plans. Tout les prix ont augment\u00e9 et bien s\u00fbr, le cours du riz s&rsquo;est envol\u00e9. Les nouvelles normes exig\u00e9es maintenant pour l&rsquo;immobilier, les taxes sur les ONG, l&rsquo;ins\u00e9curit\u00e9 r\u00e9gnante, bref, tout le cort\u00e8ge des maux engendr\u00e9s par un pays en grande souffrance. Le d\u00e9part de la maman de Tina, \u00a0\u00bb grande gardienne\u00a0\u00bb du Petit Pays et de la cantine des touts-petits, oblige \u00e0 des ajustements pour conserver cet avantage indispensable aux mamans qui travaillent. L&rsquo;incroyable vie de Madame Pascaline et sa \u00ab\u00a0ruche d&rsquo;enfants\u00a0\u00bb&#8230; La vie de Fahitana, o\u00f9 les petits deviennent grands et o\u00f9 les grands commencent \u00e0 partir pour voler de leurs propres ailes&#8230; et tout plein d&rsquo;histoires, de questions, de projets indispensables \u00e0 mettre en oeuvre&#8230;<o:p><\/o:p><\/span><\/div>\n<div style=\"background-color: white; background-position: initial initial; background-repeat: initial initial; margin-bottom: 0.0001pt;\"><span style=\"color: #38761d; font-family: Trebuchet MS, sans-serif;\">&nbsp;L&rsquo;argent qui ne rentre pas \u00e0 la mesure des besoins qu&rsquo;on en a, les sponsors qui, troubl\u00e9s par la crise, ne veulent plus soutenir&nbsp;d\u2019\u0153uvres&nbsp;hors de France, ou se cantonnent \u00e0 celles concernant le d\u00e9veloppement durable&#8230;.&nbsp;<o:p><\/o:p><\/span><\/div>\n<div style=\"background-color: white; background-position: initial initial; background-repeat: initial initial; margin-bottom: 0.0001pt;\"><span style=\"color: #38761d; font-family: Trebuchet MS, sans-serif;\">&nbsp;&nbsp;&nbsp;&nbsp;&nbsp;&nbsp;&nbsp;&nbsp;&nbsp; Bref, je me suis propos\u00e9e d&rsquo;animer chaque mois une petite feuille de nouvelles p\u00eale-m\u00eale pour vous tenir au courant. Je me propose de l&rsquo;appeler&nbsp; \u00ab\u00a0Petite Chronique des Gens de L\u00e0-Bas\u00a0\u00bb&#8230;<o:p><\/o:p><\/span><\/div>\n<div style=\"background-color: white; background-position: initial initial; background-repeat: initial initial; margin-bottom: 0.0001pt;\"><span style=\"color: #38761d; font-family: Trebuchet MS, sans-serif;\">&nbsp;&nbsp;&nbsp;&nbsp;&nbsp;&nbsp;&nbsp;&nbsp;&nbsp; J&rsquo;esp\u00e8re que cela vous encouragera \u00e0 continuer de soutenir cette humble et belle oeuvre avec joie, et , qui sait? \u00e0 trouver de nouveaux supporters. Nous poursuivrons ensemble pour ces petits enfants-l\u00e0&#8230; et soutenir le coeur d&rsquo;Amandine pudique et discr\u00e8te maman pas tout \u00e0 fait comme les autres. Mais, chut, elle ne voudrait pas qu&rsquo;on en parle&#8230;<o:p><\/o:p><\/span><\/div>\n<div style=\"background-color: white; background-position: initial initial; background-repeat: initial initial; margin-bottom: 0.0001pt;\"><\/div>\n<div style=\"font-family: inherit; margin-bottom: 0.0001pt;\"><span style=\"background-color: white; background-position: initial initial; background-repeat: initial initial;\"><span style=\"color: #38761d; font-family: Trebuchet MS, sans-serif;\">&nbsp;&nbsp;&nbsp;&nbsp;&nbsp;&nbsp;&nbsp;&nbsp;&nbsp;&nbsp;&nbsp;  A bient\u00f4t les amis, Edith<\/span><span style=\"color: #222222; font-family: Arial, sans-serif;\"><o:p><\/o:p><\/span><\/span><\/div>\n","protected":false},"excerpt":{"rendered":"<p>F\u00eates de P\u00e2ques \u00e0 Antsirabe Joie et bonne humeur Comme chaque ann\u00e9e, cet&nbsp;\u00e9v\u00e9nement&nbsp;attire une foule venant des quatre coins de Madagascar. Outre les concerts, structures gonflables, stands de jeux, brochettes party, karaok\u00e9s, sorties et balades en pousse-pousse ont \u00e9t\u00e9 au c\u0153ur de ces trois jours de distraction. P\u00e2ques a \u00e9galement \u00e9t\u00e9 une occasion de se <\/p>\n","protected":false},"author":1,"featured_media":340,"comment_status":"open","ping_status":"open","sticky":false,"template":"","format":"standard","meta":{"amp_status":""},"categories":[80],"tags":[],"_links":{"self":[{"href":"https:\/\/quandmaime.org\/index.php\/wp-json\/wp\/v2\/posts\/17"}],"collection":[{"href":"https:\/\/quandmaime.org\/index.php\/wp-json\/wp\/v2\/posts"}],"about":[{"href":"https:\/\/quandmaime.org\/index.php\/wp-json\/wp\/v2\/types\/post"}],"author":[{"embeddable":true,"href":"https:\/\/quandmaime.org\/index.php\/wp-json\/wp\/v2\/users\/1"}],"replies":[{"embeddable":true,"href":"https:\/\/quandmaime.org\/index.php\/wp-json\/wp\/v2\/comments?post=17"}],"version-history":[{"count":2,"href":"https:\/\/quandmaime.org\/index.php\/wp-json\/wp\/v2\/posts\/17\/revisions"}],"predecessor-version":[{"id":399,"href":"https:\/\/quandmaime.org\/index.php\/wp-json\/wp\/v2\/posts\/17\/revisions\/399"}],"wp:featuredmedia":[{"embeddable":true,"href":"https:\/\/quandmaime.org\/index.php\/wp-json\/wp\/v2\/media\/340"}],"wp:attachment":[{"href":"https:\/\/quandmaime.org\/index.php\/wp-json\/wp\/v2\/media?parent=17"}],"wp:term":[{"taxonomy":"category","embeddable":true,"href":"https:\/\/quandmaime.org\/index.php\/wp-json\/wp\/v2\/categories?post=17"},{"taxonomy":"post_tag","embeddable":true,"href":"https:\/\/quandmaime.org\/index.php\/wp-json\/wp\/v2\/tags?post=17"}],"curies":[{"name":"wp","href":"https:\/\/api.w.org\/{rel}","templated":true}]}}