{"id":112,"date":"2008-06-02T16:28:00","date_gmt":"2008-06-02T14:28:00","guid":{"rendered":"http:\/\/www.quandmaime.org\/index.php\/2008\/06\/02\/les-moyens-de-fahitana-sous-les-flashs\/"},"modified":"2019-01-01T02:08:27","modified_gmt":"2019-01-01T01:08:27","slug":"les-moyens-de-fahitana-sous-les-flashs","status":"publish","type":"post","link":"https:\/\/quandmaime.org\/index.php\/2008\/06\/02\/les-moyens-de-fahitana-sous-les-flashs\/","title":{"rendered":"Les moyens de Fahitana sous les flashs !"},"content":{"rendered":"<p><span style=\"font-family:trebuchet ms;\"><em>17h30 (18h30 heure locale), il fait nuit \u00e0 Antsirabe mais il fait encore 21\u00b0C.<\/em><\/span><\/p>\n<p><span style=\"font-family:Trebuchet MS;color:#663300;\">Lors de la r\u00e9union de vendredi, la commune urbaine d&rsquo;Antsirabe a d\u00e9cid\u00e9 de cr\u00e9er un bureau charg\u00e9 de lutter contre la violence envers les enfants. Ce bureau sera compos\u00e9 : du pr\u00e9sident du tribunal d&rsquo;Antsirabe, d&rsquo;un docteur de la Croix Rouge, d&rsquo;un avocat, d&rsquo;un inspecteur du travail, d&rsquo;un policier, d&rsquo;un gendarme, et de Tina. Cela nous parait fort utile car nombre d&rsquo;adultes battent les enfants, l&rsquo;alcoolisme \u00e9tant la principale cause. Tina et son fr\u00e8re en ont eux-m\u00eames fait les frais, leur p\u00e8re saoul de rhum les ayant battus \u00e0 coups de tisonnier de multiples fois. Plus r\u00e9cemment, Pascal a \u00e9t\u00e9 plac\u00e9 \u00e0 Fahitana car il portait une grave blessure \u00e0 la jambe et avait failli \u00eatre amput\u00e9, il \u00e9tait battu par sa tante (afin de rapporter plus d&rsquo;argent lorsqu&rsquo;il mendiait dans la rue !) Ou encore la maitresse de Marie-Angeline qui l&rsquo;a battu en classe juste pour passer ses nerfs ! Bref la violence est partout envers les enfants et il est important de lutter.<\/span><\/p>\n<p><span style=\"font-family:Trebuchet MS;color:#663300;\"><\/span><br \/><span style=\"font-family:Trebuchet MS;color:#663300;\">Voici nos moyens de Fahitana ce matin sous le soleil :<\/span><br \/><span style=\"font-family:Trebuchet MS;color:#663300;\"><a href=\"http:\/\/bp1.blogger.com\/_u3_gs15LoUA\/SEQWoC7zknI\/AAAAAAAAADo\/tYmVbBLkeJ4\/s1600-h\/Les-moyens1.JPG\"><img id=\"BLOGGER_PHOTO_ID_5207311946385429106\" style=\"CURSOR: hand\" alt=\"\" src=\"http:\/\/bp1.blogger.com\/_u3_gs15LoUA\/SEQWoC7zknI\/AAAAAAAAADo\/tYmVbBLkeJ4\/s320\/Les-moyens1.JPG\" border=\"0\" \/><\/a><\/span><br \/><span style=\"font-family:Trebuchet MS;color:#663300;\">De gauche \u00e0 droite : Patrice, Baine, Petit Patrick, Pascal, Ando et Grand Patrick<\/span><br \/><span style=\"font-family:Trebuchet MS;color:#663300;\"><\/span><br \/><span style=\"font-family:Trebuchet MS;color:#663300;\"><\/span><br \/><span style=\"font-family:Trebuchet MS;color:#663300;\"><a href=\"http:\/\/bp1.blogger.com\/_u3_gs15LoUA\/SEQWo27ghQI\/AAAAAAAAADw\/jmme15ce2NI\/s1600-h\/Les-moyens2.JPG\"><img id=\"BLOGGER_PHOTO_ID_5207311960342824194\" style=\"CURSOR: hand\" alt=\"\" src=\"http:\/\/bp1.blogger.com\/_u3_gs15LoUA\/SEQWo27ghQI\/AAAAAAAAADw\/jmme15ce2NI\/s320\/Les-moyens2.JPG\" border=\"0\" \/><\/a><\/span><br \/><span style=\"font-family:Trebuchet MS;color:#663300;\">De gauche \u00e0 droite : Claudine, Marie-Ang\u00e9line, Petite Domoina<\/span><\/p>\n<p><span style=\"font-family:Trebuchet MS;color:#663300;\"><\/span><br \/><span style=\"font-family:Trebuchet MS;color:#663300;\"><a href=\"http:\/\/bp0.blogger.com\/_u3_gs15LoUA\/SEQWphJwlOI\/AAAAAAAAAD4\/4dk7X9eRmGI\/s1600-h\/Les-moyens3.JPG\"><img id=\"BLOGGER_PHOTO_ID_5207311971676886242\" style=\"CURSOR: hand\" alt=\"\" src=\"http:\/\/bp0.blogger.com\/_u3_gs15LoUA\/SEQWphJwlOI\/AAAAAAAAAD4\/4dk7X9eRmGI\/s320\/Les-moyens3.JPG\" border=\"0\" \/><\/a><\/span><br \/><span style=\"color:#663300;\">De gauche \u00e0 droite : Eva, Onja, Sarobidy et Petite Tina<\/span><br \/><span style=\"color:#663300;\"><\/span><\/p>\n","protected":false},"excerpt":{"rendered":"<p>17h30 (18h30 heure locale), il fait nuit \u00e0 Antsirabe mais il fait encore 21\u00b0C. Lors de la r\u00e9union de vendredi, la commune urbaine d&rsquo;Antsirabe a d\u00e9cid\u00e9 de cr\u00e9er un bureau charg\u00e9 de lutter contre la violence envers les enfants. Ce bureau sera compos\u00e9 : du pr\u00e9sident du tribunal d&rsquo;Antsirabe, d&rsquo;un docteur de la Croix Rouge, <\/p>\n","protected":false},"author":1,"featured_media":0,"comment_status":"open","ping_status":"open","sticky":false,"template":"","format":"standard","meta":{"amp_status":""},"categories":[80],"tags":[],"_links":{"self":[{"href":"https:\/\/quandmaime.org\/index.php\/wp-json\/wp\/v2\/posts\/112"}],"collection":[{"href":"https:\/\/quandmaime.org\/index.php\/wp-json\/wp\/v2\/posts"}],"about":[{"href":"https:\/\/quandmaime.org\/index.php\/wp-json\/wp\/v2\/types\/post"}],"author":[{"embeddable":true,"href":"https:\/\/quandmaime.org\/index.php\/wp-json\/wp\/v2\/users\/1"}],"replies":[{"embeddable":true,"href":"https:\/\/quandmaime.org\/index.php\/wp-json\/wp\/v2\/comments?post=112"}],"version-history":[{"count":1,"href":"https:\/\/quandmaime.org\/index.php\/wp-json\/wp\/v2\/posts\/112\/revisions"}],"predecessor-version":[{"id":568,"href":"https:\/\/quandmaime.org\/index.php\/wp-json\/wp\/v2\/posts\/112\/revisions\/568"}],"wp:attachment":[{"href":"https:\/\/quandmaime.org\/index.php\/wp-json\/wp\/v2\/media?parent=112"}],"wp:term":[{"taxonomy":"category","embeddable":true,"href":"https:\/\/quandmaime.org\/index.php\/wp-json\/wp\/v2\/categories?post=112"},{"taxonomy":"post_tag","embeddable":true,"href":"https:\/\/quandmaime.org\/index.php\/wp-json\/wp\/v2\/tags?post=112"}],"curies":[{"name":"wp","href":"https:\/\/api.w.org\/{rel}","templated":true}]}}